{"id":949,"date":"2020-01-27T16:25:24","date_gmt":"2020-01-27T15:25:24","guid":{"rendered":"https:\/\/blog.intef.es\/alboran\/?p=949"},"modified":"2023-12-01T12:06:09","modified_gmt":"2023-12-01T11:06:09","slug":"reconstruccion-de-expedientes-en-secundaria","status":"publish","type":"post","link":"https:\/\/blog.intef.es\/alboran\/2020\/01\/27\/reconstruccion-de-expedientes-en-secundaria\/","title":{"rendered":"Recreaci\u00f3n\/reconstrucci\u00f3n de expedientes en secundaria"},"content":{"rendered":"<p>Hay centros de secundaria que por distintos motivos, a los estudiantes que llegan por traslado al centro, les recrean\/reconstruyen el expediente acad\u00e9mico a partir de las materias cursadas en cursos anteriores en otros centros.<\/p>\n<p>Para poder grabar estos expedientes debe procederse de la siguiente manera:<\/p>\n<p>1. Seleccionar al alumno: <span style=\"color: #008080\">Alumnado &gt; Alumnos &gt; Filtrar alumno &gt; Editar\u00a0alumno\u00a0<img loading=\"lazy\" decoding=\"async\" class=\"alignnone size-full wp-image-1030\" src=\"https:\/\/blog.intef.es\/alboran\/wp-content\/uploads\/2020\/01\/alboran_icono_editar.png\" alt=\"\" width=\"32\" height=\"25\" \/> o matr\u00edcula\u00a0<img loading=\"lazy\" decoding=\"async\" class=\"alignnone size-full wp-image-1031\" src=\"https:\/\/blog.intef.es\/alboran\/wp-content\/uploads\/2020\/01\/alboran_icono_editar_matricula.png\" alt=\"\" width=\"29\" height=\"27\" \/><\/span><\/p>\n<p>2. A\u00f1adir matr\u00edcula: <span style=\"color: #008080\">Alumnado &gt; Alumnos &gt; Alumno seleccionado &gt; Matr\u00edculas &gt; [A\u00f1adir]<\/span><\/p>\n<p style=\"padding-left: 30px\">Las matr\u00edculas recreadas no se corresponden con estudios cursados en el centro, por lo que deben quedar <strong><span style=\"color: #3366ff\">sin grupo<\/span><\/strong>. Para ello, se ha introducido el bot\u00f3n [<span style=\"color: #3366ff\"><strong>Sin grupo, para recrear expediente<\/strong><\/span>] que deber\u00e1 ser activado para que la matr\u00edcula pueda grabarse sin grupo.<\/p>\n<p style=\"padding-left: 30px\"><span style=\"color: #3366ff\"><strong>En primer lugar debe seleccionars el curso acad\u00e9mico del selector de datos b\u00e1sicos para ubicar la matr\u00edcula. Despu\u00e9s, seleccionar los estudios y a continuaci\u00f3n esperar un momento para que la aplicaci\u00f3n ofrezca el contenido del selector de Curso y de Turno. Elegir entonces curso y turno, porque el grupo ha de quedar vac\u00edo.<\/strong><\/span><\/p>\n<p style=\"padding-left: 30px\"><a href=\"https:\/\/blog.intef.es\/alboran\/wp-content\/uploads\/2020\/01\/matricula_sin_grupo.png\"><img loading=\"lazy\" decoding=\"async\" class=\"alignnone size-full wp-image-1009\" src=\"https:\/\/blog.intef.es\/alboran\/wp-content\/uploads\/2020\/01\/matricula_sin_grupo.png\" alt=\"\" width=\"952\" height=\"658\" srcset=\"https:\/\/blog.intef.es\/alboran\/wp-content\/uploads\/2020\/01\/matricula_sin_grupo.png 952w, https:\/\/blog.intef.es\/alboran\/wp-content\/uploads\/2020\/01\/matricula_sin_grupo-300x207.png 300w, https:\/\/blog.intef.es\/alboran\/wp-content\/uploads\/2020\/01\/matricula_sin_grupo-768x531.png 768w\" sizes=\"(max-width: 952px) 100vw, 952px\" \/><\/a><\/p>\n<p style=\"padding-left: 30px\">La matr\u00edcula debe quedar en <span style=\"color: #3366ff\"><strong>estado Activa<\/strong><\/span>\u00a0si despu\u00e9s\u00a0quiere ser tenida en cuenta al recopilar datos para el expediente e historial del alumno, en otro caso puede quedar en <span style=\"color: #3366ff\"><strong>estado Inactiva<\/strong><\/span>.<\/p>\n<p style=\"padding-left: 30px\">En la entrada <span style=\"color: #3366ff\"><strong>Centro de procedencia<\/strong><\/span>, puede elegirse el nombre de un centro del desplegable que se corresponda con el del centro donde el estudiante curs\u00f3 el curso del estudio correspondiente a esta matr\u00edcula. Este centro aparecer\u00e1 en el expediente\/historial. Para a\u00f1adir centros de referencia, puede hacerse en Configuraci\u00f3n &gt; Otros elementos &gt; Centros.<\/p>\n<p style=\"padding-left: 30px\">En la entrada <span style=\"color: #3366ff\"><strong>Estudios de procedencia<\/strong><\/span> debe ponerse los mismos estudios en que se matricula o dejarse en blanco.<\/p>\n<p style=\"padding-left: 30px\">Pulsar [Guardar] para terminar.<\/p>\n<p style=\"padding-left: 30px\">3. Editar la matr\u00edcula a\u00f1adida para a\u00f1adir las materias a la matr\u00edcula.<\/p>\n<p style=\"padding-left: 30px\">4. A\u00f1adir las calificaciones en la evaluaci\u00f3n Final a las materias para la convocatoria ordinaria\u00a0o extraordinaria, seg\u00fan corresponda.<\/p>\n","protected":false},"excerpt":{"rendered":"<p>Hay centros de secundaria que por distintos motivos, a los estudiantes que llegan por traslado al centro, les recrean\/reconstruyen el expediente acad\u00e9mico a partir de las materias cursadas en cursos anteriores en otros centros. Para poder grabar estos expedientes debe&hellip;<\/p>\n<p class=\"more-link-p\"><a class=\"more-link\" target=\"blank\" href=\"https:\/\/blog.intef.es\/alboran\/2020\/01\/27\/reconstruccion-de-expedientes-en-secundaria\/\">Leer m\u00e1s &rarr;<\/a><\/p>\n","protected":false},"author":302,"featured_media":0,"comment_status":"open","ping_status":"open","sticky":false,"template":"","format":"standard","meta":{"footnotes":""},"categories":[2,66],"tags":[],"_links":{"self":[{"href":"https:\/\/blog.intef.es\/alboran\/wp-json\/wp\/v2\/posts\/949"}],"collection":[{"href":"https:\/\/blog.intef.es\/alboran\/wp-json\/wp\/v2\/posts"}],"about":[{"href":"https:\/\/blog.intef.es\/alboran\/wp-json\/wp\/v2\/types\/post"}],"author":[{"embeddable":true,"href":"https:\/\/blog.intef.es\/alboran\/wp-json\/wp\/v2\/users\/302"}],"replies":[{"embeddable":true,"href":"https:\/\/blog.intef.es\/alboran\/wp-json\/wp\/v2\/comments?post=949"}],"version-history":[{"count":24,"href":"https:\/\/blog.intef.es\/alboran\/wp-json\/wp\/v2\/posts\/949\/revisions"}],"predecessor-version":[{"id":2014,"href":"https:\/\/blog.intef.es\/alboran\/wp-json\/wp\/v2\/posts\/949\/revisions\/2014"}],"wp:attachment":[{"href":"https:\/\/blog.intef.es\/alboran\/wp-json\/wp\/v2\/media?parent=949"}],"wp:term":[{"taxonomy":"category","embeddable":true,"href":"https:\/\/blog.intef.es\/alboran\/wp-json\/wp\/v2\/categories?post=949"},{"taxonomy":"post_tag","embeddable":true,"href":"https:\/\/blog.intef.es\/alboran\/wp-json\/wp\/v2\/tags?post=949"}],"curies":[{"name":"wp","href":"https:\/\/api.w.org\/{rel}","templated":true}]}}