{"id":952,"date":"2020-01-27T16:43:22","date_gmt":"2020-01-27T15:43:22","guid":{"rendered":"https:\/\/blog.intef.es\/alboran\/?p=952"},"modified":"2020-01-27T16:43:51","modified_gmt":"2020-01-27T15:43:51","slug":"matricula-en-ceip-numero-de-historial-academico-y-de-expediente","status":"publish","type":"post","link":"https:\/\/blog.intef.es\/alboran\/2020\/01\/27\/matricula-en-ceip-numero-de-historial-academico-y-de-expediente\/","title":{"rendered":"Matricula en CEIP, n\u00famero de historial acad\u00e9mico y de expediente"},"content":{"rendered":"<p>Los centros de primaria, para gestionar los alumnos tienen dos numeraciones:<\/p>\n<p style=\"padding-left: 60px\">Matr\u00edcula general: n\u00famero utilizado tanto por centros de primaria como de secundaria<\/p>\n<p style=\"padding-left: 60px\">Matr\u00edcula CEIP: n\u00famero utilizado solo por centros de primaria.<\/p>\n<p><span style=\"color: #3366ff\"><strong>Para crear la matr\u00edcula de un alumno no es\u00a0obligatorio aportar datos para esos dos n\u00fameros.<\/strong><\/span><\/p>\n<p>Al realizar la matr\u00edcula el sistema, <span style=\"color: #3366ff\"><strong>si no se especifica su n\u00famero de matr\u00edcula CEIP<\/strong><\/span>, <span style=\"color: #3366ff\"><strong>crea otros dos n\u00fameros autom\u00e1ticamente, uno para el Historial acad\u00e9mico, y otro para el Expediente, y adem\u00e1s la Fecha apertura del expediente<\/strong>.<\/span> Estos datos est\u00e1n en Alumnado &gt; Alumnos &gt; alumno seleccionado &gt; datos acad\u00e9micos. En esta situaci\u00f3n, el sistema genera aleatoriamente sin repeticiones el historial acad\u00e9mico y el expediente y asigna el n\u00famero de matricula CEIP siguiente al mayor existente en el centro. Junto a estos datos se genera la fecha de apertura de expediente.<\/p>\n<p>Pero,<span style=\"color: #3366ff\"><strong> si crea la matr\u00edcula definiendo el n\u00famero de matr\u00edcula CEIP<\/strong><\/span>, el procesos autom\u00e1tico no se ejecuta, por lo que posteriormente, despu\u00e9s de guardar la matr\u00edcula, en el apartado Alumnado &gt; Alumnos &gt; alumno seleccionado &gt; datos acad\u00e9micos,\u00a0se deber\u00e1 definir\u00a0el n\u00famero que asignar\u00e1n\u00a0al historial acad\u00e9mico y al expediente de la matr\u00edcula, si desean que conste, al igual que la fecha de apertura del expediente.<\/p>\n<p>&nbsp;<\/p>\n","protected":false},"excerpt":{"rendered":"<p>Los centros de primaria, para gestionar los alumnos tienen dos numeraciones: Matr\u00edcula general: n\u00famero utilizado tanto por centros de primaria como de secundaria Matr\u00edcula CEIP: n\u00famero utilizado solo por centros de primaria. Para crear la matr\u00edcula de un alumno no&hellip;<\/p>\n<p class=\"more-link-p\"><a class=\"more-link\" target=\"blank\" href=\"https:\/\/blog.intef.es\/alboran\/2020\/01\/27\/matricula-en-ceip-numero-de-historial-academico-y-de-expediente\/\">Leer m\u00e1s &rarr;<\/a><\/p>\n","protected":false},"author":302,"featured_media":0,"comment_status":"open","ping_status":"open","sticky":false,"template":"","format":"standard","meta":{"footnotes":""},"categories":[2,66],"tags":[],"_links":{"self":[{"href":"https:\/\/blog.intef.es\/alboran\/wp-json\/wp\/v2\/posts\/952"}],"collection":[{"href":"https:\/\/blog.intef.es\/alboran\/wp-json\/wp\/v2\/posts"}],"about":[{"href":"https:\/\/blog.intef.es\/alboran\/wp-json\/wp\/v2\/types\/post"}],"author":[{"embeddable":true,"href":"https:\/\/blog.intef.es\/alboran\/wp-json\/wp\/v2\/users\/302"}],"replies":[{"embeddable":true,"href":"https:\/\/blog.intef.es\/alboran\/wp-json\/wp\/v2\/comments?post=952"}],"version-history":[{"count":5,"href":"https:\/\/blog.intef.es\/alboran\/wp-json\/wp\/v2\/posts\/952\/revisions"}],"predecessor-version":[{"id":957,"href":"https:\/\/blog.intef.es\/alboran\/wp-json\/wp\/v2\/posts\/952\/revisions\/957"}],"wp:attachment":[{"href":"https:\/\/blog.intef.es\/alboran\/wp-json\/wp\/v2\/media?parent=952"}],"wp:term":[{"taxonomy":"category","embeddable":true,"href":"https:\/\/blog.intef.es\/alboran\/wp-json\/wp\/v2\/categories?post=952"},{"taxonomy":"post_tag","embeddable":true,"href":"https:\/\/blog.intef.es\/alboran\/wp-json\/wp\/v2\/tags?post=952"}],"curies":[{"name":"wp","href":"https:\/\/api.w.org\/{rel}","templated":true}]}}